{"id":1166,"date":"2012-05-01T15:30:17","date_gmt":"2012-05-01T15:30:17","guid":{"rendered":"http:\/\/www.dive-hive.com\/aktuelles\/?p=1166"},"modified":"2012-05-07T13:49:39","modified_gmt":"2012-05-07T13:49:39","slug":"schokierend-freediver-fred-sessa-sitzt-im-riff-und-apnoe-mag","status":"publish","type":"post","link":"http:\/\/www.dive-hive.com\/aktuelles\/2012\/05\/schokierend-freediver-fred-sessa-sitzt-im-riff-und-apnoe-mag\/","title":{"rendered":"Schockierend: Freediver Fred Sessa oder sein Sch\u00fcler sitzt im Riff und Apnoe-Magazin ver\u00f6ffentlicht das Bild"},"content":{"rendered":"<p>Ich wei\u00df wirklich nicht was ich sagen soll. Die meisten Unterwasser-Sportler setzen sich f\u00fcr den Schutz von Riff und Korallen ein. Speziell die fragilen Korallen reagieren sehr empfindlich auf Ver\u00e4nderung oder Schaden.\u00a0Freediver \/ Apnoe-Taucher\u00a0<a href=\"http:\/\/www.facebook.com\/pages\/FRED-SESSA-OFFICIAL\/195429530498558\" target=\"_blank\">Fred Sessa<\/a>\u00a0oder einer seiner Sch\u00fcler haben anscheinend nichts Besseres zu tun, als im Riff zu sitzen w\u00e4hrend ein anderer Ignorant (<a href=\"http:\/\/www.facebook.com\/DavidG.PROD\" target=\"_blank\">DavidG<\/a>)\u00a0ganz gl\u00fccklich \u00fcber sein Foto selbiges auch noch ver\u00f6ffentlicht. Die Ver\u00f6ffentlichung im franz\u00f6sischen\u00a0<a href=\"http:\/\/www.facebook.com\/Apnea.fr\">Apn\u00e9a Magazine<\/a>\u00a0setzt dem Ganzen allerdings die Krone auf.<\/p>\n<p>Wer ist in diesem Fall der gr\u00f6\u00dfte Trottel?<\/p>\n<ul>\n<li>Der Typ, der im Riff sitzt?<\/li>\n<li>Der sich mit Fotos von dieser Tat br\u00fcstet?<\/li>\n<li>Der Chefredakteur des Magazins, der so etwas \u00f6ffentlich zur Schau stellt?<\/li>\n<\/ul>\n<p>Ich ver\u00f6ffentliche es auch, um der Welt von einigen respektlosen Ignoranten zu erz\u00e4hlen. \u00a0Gebt es am Besten weiter und verbreitet die Geschichte. Diese Knallk\u00f6pfe sollte man gar nicht mehr ins Wasser lassen!<\/p>\n<p><strong>Update: <\/strong>Nach massiven Protesten wurde anscheinen die offizielle Facebook-Seite von Fred Sessa entfernt. Das Bild ist auch von den Seiten DavidG und\u00a0Apn\u00e9a Magazine verschwunden. Hier wird es weiterhin als eine Erinnerung bleiben, wie man sich nicht als Vorbild verh\u00e4lt &#8211; keine Entschuldigung oder sonstiges von den involvierten Parteien &#8211; das Internet vergisst so etwas allerdings nicht!<\/p>\n<p><strong>Update 2:<\/strong>\u00a0Die nachfolgende Nachricht von Fred Sessa hat mich erreicht. Er behauptet, dass nicht er, sondern einer seiner Sch\u00fcler im Riff gesessen ist. Auch wenn der Fotograf etwas anderes in seiner Bildnebenschrift aussagt. Das hat Herr Freediver auszusagen:<\/p>\n<blockquote><p>there is an error on your article, on the photo it is not me fred sessa, he is my students a beginner&#8230; it is an administator who create my page facebook and he don t know the coral, he is not diver&#8230; it is a big error of me, i am yes it is not a good photo, but it is not a reason for insult me and my family sorry for the picture now please change your text if you do not change your article my lawyer will prosecute fred sessa<\/p><\/blockquote>\n<p>Ist es nun die Schuld des Administrators, dass jemand aut den Korallen sa\u00df? Ich kann nicht sehen, wo ich die Familie des Herrn Sessa beleidigt h\u00e4tte. Und als Tauchlehrer wei\u00df ich au\u00dferdem, dass immer der Ausbilder die Verantwortung f\u00fcr seine Sch\u00fcler hat.<\/p>\n<figure id=\"attachment_1158\" aria-describedby=\"caption-attachment-1158\" style=\"width: 568px\" class=\"wp-caption aligncenter\"><a href=\"http:\/\/www.dive-hive.com\/news\/wp-content\/uploads\/2012\/05\/freedive-idiot.jpg\" rel=\"wp-prettyPhoto[g1166]\"><img decoding=\"async\" loading=\"lazy\" class=\" wp-image-1158 \" title=\"disgraceful freediver\" src=\"http:\/\/www.dive-hive.com\/news\/wp-content\/uploads\/2012\/05\/freedive-idiot.jpg\" alt=\"disgraceful freediver\" width=\"568\" height=\"430\" \/><\/a><figcaption id=\"caption-attachment-1158\" class=\"wp-caption-text\">disgraceful freediver sitting on top of the reef<\/figcaption><\/figure>\n","protected":false},"excerpt":{"rendered":"<p>Ich wei\u00df wirklich nicht was ich sagen soll. Die meisten Unterwasser-Sportler setzen sich f\u00fcr den Schutz von Riff und Korallen ein. Speziell die fragilen Korallen reagieren sehr empfindlich auf Ver\u00e4nderung oder Schaden.\u00a0Freediver \/ Apnoe-Taucher\u00a0Fred Sessa\u00a0oder einer seiner Sch\u00fcler haben anscheinend nichts Besseres zu tun, als im Riff zu sitzen w\u00e4hrend ein anderer Ignorant (DavidG)\u00a0ganz gl\u00fccklich [&hellip;]<\/p>\n","protected":false},"author":1,"featured_media":0,"comment_status":"open","ping_status":"open","sticky":false,"template":"","format":"standard","meta":[],"categories":[20],"tags":[854,845,476,101,129],"_links":{"self":[{"href":"http:\/\/www.dive-hive.com\/aktuelles\/wp-json\/wp\/v2\/posts\/1166"}],"collection":[{"href":"http:\/\/www.dive-hive.com\/aktuelles\/wp-json\/wp\/v2\/posts"}],"about":[{"href":"http:\/\/www.dive-hive.com\/aktuelles\/wp-json\/wp\/v2\/types\/post"}],"author":[{"embeddable":true,"href":"http:\/\/www.dive-hive.com\/aktuelles\/wp-json\/wp\/v2\/users\/1"}],"replies":[{"embeddable":true,"href":"http:\/\/www.dive-hive.com\/aktuelles\/wp-json\/wp\/v2\/comments?post=1166"}],"version-history":[{"count":1,"href":"http:\/\/www.dive-hive.com\/aktuelles\/wp-json\/wp\/v2\/posts\/1166\/revisions"}],"predecessor-version":[{"id":1167,"href":"http:\/\/www.dive-hive.com\/aktuelles\/wp-json\/wp\/v2\/posts\/1166\/revisions\/1167"}],"wp:attachment":[{"href":"http:\/\/www.dive-hive.com\/aktuelles\/wp-json\/wp\/v2\/media?parent=1166"}],"wp:term":[{"taxonomy":"category","embeddable":true,"href":"http:\/\/www.dive-hive.com\/aktuelles\/wp-json\/wp\/v2\/categories?post=1166"},{"taxonomy":"post_tag","embeddable":true,"href":"http:\/\/www.dive-hive.com\/aktuelles\/wp-json\/wp\/v2\/tags?post=1166"}],"curies":[{"name":"wp","href":"https:\/\/api.w.org\/{rel}","templated":true}]}}